{"id":2370,"date":"2020-02-03T09:00:00","date_gmt":"2020-02-03T08:00:00","guid":{"rendered":"https:\/\/chouftolosa.info\/?p=2370"},"modified":"2020-02-18T18:57:21","modified_gmt":"2020-02-18T17:57:21","slug":"kaamelott-premier-volet-la-naissance-dune-saga-au-cinema","status":"publish","type":"post","link":"https:\/\/chouftolosa.info\/index.php\/2020\/02\/03\/kaamelott-premier-volet-la-naissance-dune-saga-au-cinema\/","title":{"rendered":"\u00ab Kaamelott, Premier Volet \u00bb, la naissance d\u2019une saga au cin\u00e9ma"},"content":{"rendered":"\n<p style=\"font-size:18px\"><strong>Le 22 janvier sortait le premier teaser d\u2019une minute d\u2019un projet de long m\u00e9trage fantasy fran\u00e7ais, \u00ab&nbsp;Kaamelott Premier Volet&nbsp;\u00bb. Alexandre Astier, fort du succ\u00e8s de sa s\u00e9rie culte, \u00e9tend son univers et entreprend enfin la fin de son histoire. Quelques \u00e9claircissement sur ce projet ambitieux.<\/strong><\/p>\n\n\n\n<figure class=\"wp-block-image size-large\"><img loading=\"lazy\" width=\"1024\" height=\"590\" src=\"https:\/\/chouftolosa.info\/wp-content\/uploads\/2020\/01\/Kaamelott-volet-1-image-1024x590.png\" alt=\"\" class=\"wp-image-2369\" srcset=\"https:\/\/chouftolosa.info\/wp-content\/uploads\/2020\/01\/Kaamelott-volet-1-image-1024x590.png 1024w, https:\/\/chouftolosa.info\/wp-content\/uploads\/2020\/01\/Kaamelott-volet-1-image-300x173.png 300w, https:\/\/chouftolosa.info\/wp-content\/uploads\/2020\/01\/Kaamelott-volet-1-image-768x442.png 768w, https:\/\/chouftolosa.info\/wp-content\/uploads\/2020\/01\/Kaamelott-volet-1-image-585x337.png 585w, https:\/\/chouftolosa.info\/wp-content\/uploads\/2020\/01\/Kaamelott-volet-1-image.png 1146w\" sizes=\"(max-width: 1024px) 100vw, 1024px\" \/><figcaption>.<em>.. Mais il en faudra un peu, jusqu&#8217;en juillet, pour voir &#8220;Kaamelott, premier volet&#8221; au cin\u00e9ma.<\/em><\/figcaption><\/figure>\n\n\n\n<p style=\"font-size:17px\">AA &#8211; donc Alexandre Astier pour les deux du fond &#8211; est un r\u00e9alisateur, acteur de th\u00e9\u00e2tre\/cin\u00e9ma, conf\u00e9rencier, sc\u00e9nariste, compositeur, coiffeur, astronaute, etc.. &#8211; les deux derni\u00e8res casquettes sont encore \u00e0 v\u00e9rifier \u2013 qui, en ce mois de janvier, a annonc\u00e9 que le 29 juillet 2020, son film sera disponible en salle.<\/p>\n\n\n\n<p style=\"font-size:17px\">\u00ab&nbsp;Kaamelott Premier Volet&nbsp;\u00bb sera son quatri\u00e8me projet de long m\u00e9trage. Apr\u00e8s \u00ab&nbsp;David et Madame Hansen&nbsp;\u00bb (avec Isabelle Adjani), \u00ab&nbsp;Ast\u00e9rix et le domaine des Dieux&nbsp;\u00bb, et \u00ab&nbsp;Ast\u00e9rix et le secret de la potion magique&nbsp;\u00bb (deux films d\u2019animation co-r\u00e9alis\u00e9 avec Louis Clichy).<\/p>\n\n\n\n<p style=\"font-size:17px\">Depuis la fin de la s\u00e9rie (six saisons de 2005 \u00e0 2009, diffus\u00e9es sur M6), \u00e0 chaque interview, c&#8217;\u00e9tait une marotte, la question du film Kaamelott lui \u00e9tait pos\u00e9e. Et une suite et fin au cin\u00e9ma avait \u00e9t\u00e9 promise par le cin\u00e9aste lui-m\u00eame. Apr\u00e8s avoir post\u00e9 des images du tournage, le rendez-vous a donc \u00e9t\u00e9 pris pour l\u2019ann\u00e9e 2020. Tout d\u2019abord pr\u00e9vu pour octobre, le long-m\u00e9trage sera finalement disponible en juillet, d\u2019une part pour \u00e9viter d\u2019\u00e9ventuelles concurrences, et pourquoi pas pour en faire le film de l\u2019\u00e9t\u00e9.<\/p>\n\n\n\n<iframe loading=\"lazy\" src=\"https:\/\/www.youtube.com\/embed\/Fd1Q2o-V6UM\" allow=\"accelerometer; autoplay; encrypted-media; gyroscope; picture-in-picture\" allowfullscreen=\"\" width=\"560\" height=\"315\" frameborder=\"0\"><\/iframe>\n\n\n\n<p style=\"font-size:17px\">Un teaser n\u2019est pas destin\u00e9 \u00e0 \u00eatre seulement diss\u00e9qu\u00e9 \u2013 \u00e9videmment, chaque plan r\u00e9v\u00e9lant des acteurs de la s\u00e9rie originale fait partie du \u00ab&nbsp;fan service&nbsp;\u00bb \u2013,&nbsp; il vaut aussi pour l&#8217;ambiance qu&#8217;il peut d\u00e9gager et donner \u00e0 d\u00e9couvrir&nbsp;: celle d&#8217;une aventure \u00e9pique heroic-fantasy. Avec des moyens et une r\u00e9elle passion et connaissance pour cet univers. D\u00e8s le 4 janvier 2018, Astier avait pr\u00e9venu, dans un tweet&nbsp;: <em>\u201c[&#8230;]KV1 (Kaamelott Premier Volet) est une com\u00e9die heroic-fantasy de 2h et \u00e7a se finance \u00e0 son rythme. C\u2019est normal.[&#8230;]\u201d<\/em><\/p>\n\n\n\n<p style=\"font-size:17px\">Pour\nlui, une\ncom\u00e9die ne se r\u00e9sume pas \u00e0 des blagues ou \u00e0\nune succession de\nsituations absurdes\/burlesques, c\u2019est un genre \u00e0 part enti\u00e8re\nd\u2019\u00e9motions diverses et d\u2019\u00e9volution de personnages. Il d\u00e9diera\nd\u2019ailleurs sa s\u00e9rie Kaamelott \u00e0 Louis de Fun\u00e8s,\nse r\u00e9clamant\nde\nson h\u00e9ritage de com\u00e9dien.<\/p>\n\n\n\n<p style=\"font-size:18px\"><strong>Et la fantasy fran\u00e7aise \u00e7a existe ?<\/strong><\/p>\n\n\n\n<p style=\"font-size:17px\">La pierre angulaire des oeuvres de fantasy, tout du moins celle qui a promu ce genre cin\u00e9matographique en possible manne financi\u00e8re pour des producteurs, est l\u2019oeuvre de J.R.R. \u00ab&nbsp;Tolkien, Le Seigneur des Anneaux&nbsp;\u00bb.<\/p>\n\n\n\n<p style=\"font-size:17px\">Ne pas confondre fantastique, SF et fantasy, qui peuvent cependant se coupler pour certains univers. Pour preuve, un prix litt\u00e9raire r\u00e9compense ces genres sous un m\u00eame nom \u201cLe Cafard Cosmique\u201d &#8211; non, non&#8230; ce n\u2019est pas une blague: l\u2019appr\u00e9ciation du public via de gros <em>blockbusters<\/em> a rendu ce monde <em>mainstream<\/em>.<\/p>\n\n\n\n<p style=\"font-size:17px\">En France, \u00e0 part Luc Besson pouvant tel un trou noir absorber toute forme de billet vert quand il s\u2019agit de parler de fantastique ou de SF, il n\u2019y a que tr\u00e8s peu de moyens mis \u00e0 disposition pour les r\u00eaveurs de fantastique. C\u2019est une prise de risque, comme l\u2019\u00e9tait le parti de changer son style de r\u00e9cit apr\u00e8s le Livre IV (livre = saison ), occultant le c\u00f4t\u00e9 comique comme finalit\u00e9 d\u2019une histoire pour laisser plus de place au &#8220;lore&#8221; (&#8220;lore&#8221; = di\u00e9g\u00e8se, univers \u00e9tendu).<\/p>\n\n\n\n<p style=\"font-size:17px\">En\nr\u00e9alit\u00e9, tous\nles m\u00e9diums ont \u00e9t\u00e9 enrichis de fantasy en\npuisant dans\nla\nlitt\u00e9rature. Le cin\u00e9ma lui aussi, avec pour pionnier le parisien\nacteur r\u00e9alisateur et illusionniste Georges M\u00e9li\u00e8s qui, au d\u00e9but\ndes ann\u00e9es 1900, cr\u00e9a plusieurs courts-m\u00e9trages comme \u00ab&nbsp;Le\nChaudron Infernal&nbsp;\u00bb (1903) ou \u00ab&nbsp;le Voyage \u00e0 travers\nl\u2019impossible&nbsp;\u00bb (1904), mettant en sc\u00e8ne des s\u00e9quences\nfantastiques pouvant tout droit \u00eatre tir\u00e9es d\u2019un roman\nd\u2019aventures \u00e9pique de Terry Pratchett ou d\u2019une lugubre histoire\nde Lovecraft. Mais surtout librement inspir\u00e9s de Jules Verne.<\/p>\n\n\n\n<p style=\"font-size:17px\">120\nans plus tard, AA, malgr\u00e9\nsa faible mais qualitative filmographie,\nfait preuve d&#8217;un\n\u00e9clectisme\n\u00e0 toute \u00e9preuve,\net s&#8217;av\u00e8re \u00eatre\nun\nvrai cin\u00e9aste avec des id\u00e9es, qualit\u00e9s, d\u00e9fauts, et surtout une\n\u00e9criture aussi riche que diversifi\u00e9e.&nbsp;\u00ab&nbsp;Kaamelott,\nPremier Volet&nbsp;\u00bb\na\ncomme ambition (et h\u00e9ritage) <em>via<\/em>\nson\ncr\u00e9ateur d\u2019\u00eatre dans la lign\u00e9e des grandes histoires de la\nculture pop : litt\u00e9ratures, jeu de r\u00f4les, jeux vid\u00e9os, films,\ns\u00e9ries.&nbsp; Le 29 juillet 2020, Alexandre Astier nous proposera un\nvoyage \u00e9pique d\u2019une production fran\u00e7aise.<\/p>\n\n\n\n<blockquote class=\"wp-block-quote is-style-default\"><p><strong>Pour d\u00e9couvrir des auteurs de fantasy, c&#8217;est <a href=\"https:\/\/www.senscritique.com\/liste\/Les_meilleurs_ecrivains_de_Fantasy\/1472896\">ici<\/a> <\/strong><\/p><p>&#8230; <strong>pour Dame fantasy et Sieur jeu de r\u00f4le, c&#8217;est <a href=\"https:\/\/www.reussitecritique.fr\/\">l\u00e0<\/a> <\/strong><\/p><p>&#8230; <strong>et pour admirer Alexandre Astier et l\u2019espace (la derni\u00e8re apparition en date d\u2019AA), c&#8217;est <a href=\"https:\/\/www.youtube.com\/watch?v=LwkmqvmcyEw\">cette vid\u00e9o<\/a>.<\/strong><\/p><\/blockquote>\n","protected":false},"excerpt":{"rendered":"<p>Le 22 janvier sortait le premier teaser d\u2019une minute d\u2019un projet de long m\u00e9trage&hellip;<\/p>\n","protected":false},"author":19,"featured_media":2378,"comment_status":"open","ping_status":"open","sticky":false,"template":"","format":"standard","meta":[],"categories":[7],"tags":[],"coauthors":[59],"_links":{"self":[{"href":"https:\/\/chouftolosa.info\/index.php\/wp-json\/wp\/v2\/posts\/2370"}],"collection":[{"href":"https:\/\/chouftolosa.info\/index.php\/wp-json\/wp\/v2\/posts"}],"about":[{"href":"https:\/\/chouftolosa.info\/index.php\/wp-json\/wp\/v2\/types\/post"}],"author":[{"embeddable":true,"href":"https:\/\/chouftolosa.info\/index.php\/wp-json\/wp\/v2\/users\/19"}],"replies":[{"embeddable":true,"href":"https:\/\/chouftolosa.info\/index.php\/wp-json\/wp\/v2\/comments?post=2370"}],"version-history":[{"count":5,"href":"https:\/\/chouftolosa.info\/index.php\/wp-json\/wp\/v2\/posts\/2370\/revisions"}],"predecessor-version":[{"id":2376,"href":"https:\/\/chouftolosa.info\/index.php\/wp-json\/wp\/v2\/posts\/2370\/revisions\/2376"}],"wp:featuredmedia":[{"embeddable":true,"href":"https:\/\/chouftolosa.info\/index.php\/wp-json\/wp\/v2\/media\/2378"}],"wp:attachment":[{"href":"https:\/\/chouftolosa.info\/index.php\/wp-json\/wp\/v2\/media?parent=2370"}],"wp:term":[{"taxonomy":"category","embeddable":true,"href":"https:\/\/chouftolosa.info\/index.php\/wp-json\/wp\/v2\/categories?post=2370"},{"taxonomy":"post_tag","embeddable":true,"href":"https:\/\/chouftolosa.info\/index.php\/wp-json\/wp\/v2\/tags?post=2370"},{"taxonomy":"author","embeddable":true,"href":"https:\/\/chouftolosa.info\/index.php\/wp-json\/wp\/v2\/coauthors?post=2370"}],"curies":[{"name":"wp","href":"https:\/\/api.w.org\/{rel}","templated":true}]}}