{"id":2567,"date":"2020-04-14T17:00:29","date_gmt":"2020-04-14T15:00:29","guid":{"rendered":"https:\/\/chouftolosa.info\/?p=2567"},"modified":"2020-04-15T00:08:30","modified_gmt":"2020-04-14T22:08:30","slug":"hommage-a-helin-bolek","status":"publish","type":"post","link":"https:\/\/chouftolosa.info\/index.php\/2020\/04\/14\/hommage-a-helin-bolek\/","title":{"rendered":"Hommage \u00e0 Helin B\u00f6lek"},"content":{"rendered":"\n<p style=\"font-size:18px\"><strong>Le 4 avril dernier, Helin B\u00f6lek mourrait chez elle, \u00e0 Istanbul, apr\u00e8s 288 jours de gr\u00e8ve de la faim contre la censure et la r\u00e9pression subies par son groupe Yorum. D&#8217;origine kurde alevi, Helin B\u00f6lek \u00e9tait l&#8217;une des chanteuses\u00a0de ce c\u00e9l\u00e8bre\u00a0groupe de musique r\u00e9volutionnaire, cible du pouvoir turc. La toulousaine Abida Allouache lui a rendu un hommage dans un texte \u00e0 retrouver sur <a href=\"http:\/\/annahna.over-blog.com\/2020\/04\/helin-ma-soeur-de-turquie.html\">son blog<\/a> et dont Chouf Tolosa se fait ici le relais. <\/strong><\/p>\n\n\n\n<figure class=\"wp-block-image size-large\"><img loading=\"lazy\" width=\"640\" height=\"663\" src=\"https:\/\/chouftolosa.info\/wp-content\/uploads\/2020\/04\/Helin-4.jpg\" alt=\"\" class=\"wp-image-2571\" srcset=\"https:\/\/chouftolosa.info\/wp-content\/uploads\/2020\/04\/Helin-4.jpg 640w, https:\/\/chouftolosa.info\/wp-content\/uploads\/2020\/04\/Helin-4-290x300.jpg 290w, https:\/\/chouftolosa.info\/wp-content\/uploads\/2020\/04\/Helin-4-585x606.jpg 585w\" sizes=\"(max-width: 640px) 100vw, 640px\" \/><\/figure>\n\n\n\n<p class=\"has-medium-font-size\"><strong>Pour Helin B\u00f6lek<\/strong><\/p>\n\n\n\n<p style=\"font-size:17px\">Helin ma petite soeur de Turquie \/ Tu es partie \/  Un vendredi 4 avril 2020 \/ De ce dr\u00f4le de printemps \/ En ce temps du confinement \/ Oui, ma ch\u00e9rie, nous sommes enferm\u00e9s \/ Nous l\u2019avons d\u00e9sir\u00e9, accept\u00e9, nous l\u2019avons revendiqu\u00e9<\/p>\n\n\n\n<p style=\"font-size:17px\">Ils&nbsp; nous ont fait peur de ne plus pouvoir nous repa\u00eetre \/ Des tonnes de surgel\u00e9s, de chiffons et de tas d\u2019objets \/ De cette soci\u00e9t\u00e9&nbsp; capitaliste de surconsommation \/ Que tu avais tant d\u00e9nonc\u00e9 avec les dangers de la domination \/ Sur les peuples opprim\u00e9s \/ Dont tu \u00e9tais la fi\u00e8re \u00e9g\u00e9rie<\/p>\n\n\n\n<p style=\"font-size:17px\">En musique tu martelais les appels \u00e0 la conscience et la dignit\u00e9 \/ Avec ton groupe Yorum, vous aviez rempli les salles et les stades \/ Helin G\u00f6lek, \/ Parmi les musiciens et les danseurs, \/ Sous le ciel d\u2019Istanbul \/ Tu t\u2019avan\u00e7ais en blanc sous les applaudissements \/ Ta voix faisait se lever les poings \/ et tous chantaient en choeur avec toi<\/p>\n\n\n\n<p style=\"font-size:17px\">Durant 288 jours, tu t\u2019es abstenu de manger&#8230; \/ Pour incarner ton refus de la tyrannie \/ Tu t\u2019es assoupie, belle bougie \u00e9teinte de s\u2019\u00eatre trop consum\u00e9e \/ D\u2019amour pour le changement<\/p>\n\n\n\n<p style=\"font-size:17px\">Ils ont enferm\u00e9s tes fr\u00e8res, \/ interdits vos concerts \/ Et t\u2019avaient d\u00e9j\u00e0 mise en prison\u2026 \/ Pardonne-moi&nbsp;s\u0153urette \/ Je ne le savais pas<\/p>\n\n\n\n<div class=\"wp-block-image\"><figure class=\"alignleft size-large is-resized\"><img loading=\"lazy\" src=\"https:\/\/chouftolosa.info\/wp-content\/uploads\/2020\/04\/Helin-1.jpg\" alt=\"\" class=\"wp-image-2573\" width=\"295\" height=\"196\" srcset=\"https:\/\/chouftolosa.info\/wp-content\/uploads\/2020\/04\/Helin-1.jpg 650w, https:\/\/chouftolosa.info\/wp-content\/uploads\/2020\/04\/Helin-1-300x200.jpg 300w, https:\/\/chouftolosa.info\/wp-content\/uploads\/2020\/04\/Helin-1-585x390.jpg 585w, https:\/\/chouftolosa.info\/wp-content\/uploads\/2020\/04\/Helin-1-263x175.jpg 263w\" sizes=\"(max-width: 295px) 100vw, 295px\" \/><\/figure><\/div>\n\n\n\n<p style=\"font-size:17px\">Ton beau visage \u00e9maci\u00e9 \/ Par la veille et les je\u00fbnes \/ Garde cette lumi\u00e8re \/ Que rien, ni personne n\u2019aurait r\u00e9ussi \u00e0 effacer.<\/p>\n\n\n\n<p style=\"font-size:17px\">Tu resteras ma colombe, la digne h\u00e9riti\u00e8re, \/ Des filles du ciel et de la terre.<\/p>\n\n\n\n<p style=\"font-size:17px\">Femme au port fier \/ Tu as chant\u00e9 alti\u00e8re \/ Contre les vents de la terreur.<\/p>\n\n\n\n<p style=\"font-size:17px\">Ta voix resteras t\u00e9moin de ton lumineux passage \/ Comme furent t\u00e9moins en leurs pays Maatoub l&#8217;alg\u00e9rien et Victor Jara, le chilien \/ et tous ceux et celles dont nous avons oubli\u00e9 les noms et pr\u00e9noms\u2026<\/p>\n\n\n\n<p style=\"font-size:17px\">Bella Ciao<\/p>\n\n\n\n<p style=\"font-size:17px\">Je t\u2019\u00e9coute en boucle depuis ce matin \/ En pleurant \/ Mon impuissance de ne pas avoir \u00e9t\u00e9 l\u00e0, pr\u00e9s de toi \/ Mais qu\u2019aurais-je pu faire ? \/ J\u2019ai les mains vides<\/p>\n\n\n\n<p style=\"font-size:17px\">Seul mon coeur bat pour toi, il pleure des larmes de sang \/ Rouge comme celui de tous les peuples humains \/ Rouge comme la foi qui t\u2019a anim\u00e9 \/ Rouge, couleur de l\u2019Amour<\/p>\n\n\n\n<p style=\"font-size:17px\">Jusqu\u2019\u00e0 quand les plus valeureux des enfants de mon coeur \/ Vont-ils continuer \u00e0 tomber \/ Dans vos prisons, vos pays confin\u00e9s?<\/p>\n\n\n\n<p style=\"font-size:17px\">Jusqu\u2019\u00e0&nbsp;quand allez-vous continuer \u00e0 cracher sur la beaut\u00e9 et la libert\u00e9                                                                                        <\/p>\n\n\n\n<p style=\"font-size:17px\">Fleurs coup\u00e9es \/ Emp\u00each\u00e9es de s\u2019exprimer<\/p>\n\n\n\n<p style=\"font-size:17px\">Juste parcqu\u2019ils-elles ont chant\u00e9 le refus de tous les enfermements<\/p>\n\n\n\n<p style=\"font-size:17px\">\u00d6 Helin, ma petite soeur, ma cousine<\/p>\n\n\n\n<p style=\"font-size:17px\">Mon beau lac lointain, \/ \u00d6 mon nid d\u2019oiseau chanteurs,<\/p>\n\n\n\n<p style=\"font-size:17px\">Enfin, tu tu t\u2019es envol\u00e9e \/ L\u00e2chant les douleurs, la souffrance \/ Tu es partie le jour de la pri\u00e8re \/ Le jour de V\u00e9nus<\/p>\n\n\n\n<p style=\"font-size:17px\">Puisse la Rahma Illahiya \/ T\u2019envelopper de son Amour infinie \/ Que son \u00e9nergie&nbsp; apaise enfin les blessures que tu as subies<\/p>\n\n\n\n<p style=\"font-size:17px\">Ici sur la terre, les luttes, le combat continuent.<\/p>\n\n\n\n<blockquote class=\"wp-block-quote\"><p><strong>Abida Allouache, 5 avril 2020<\/strong><\/p><p><strong>PS: en kurde, Helin signifie &#8220;nid d&#8217;oiseaux&#8221;<\/strong><\/p><\/blockquote>\n\n\n\n<p><\/p>\n","protected":false},"excerpt":{"rendered":"<p>Le 4 avril dernier, Helin B\u00f6lek mourrait chez elle, \u00e0 Istanbul, apr\u00e8s 288 jours&hellip;<\/p>\n","protected":false},"author":11,"featured_media":2573,"comment_status":"open","ping_status":"open","sticky":false,"template":"","format":"standard","meta":[],"categories":[8,9],"tags":[],"coauthors":[42],"_links":{"self":[{"href":"https:\/\/chouftolosa.info\/index.php\/wp-json\/wp\/v2\/posts\/2567"}],"collection":[{"href":"https:\/\/chouftolosa.info\/index.php\/wp-json\/wp\/v2\/posts"}],"about":[{"href":"https:\/\/chouftolosa.info\/index.php\/wp-json\/wp\/v2\/types\/post"}],"author":[{"embeddable":true,"href":"https:\/\/chouftolosa.info\/index.php\/wp-json\/wp\/v2\/users\/11"}],"replies":[{"embeddable":true,"href":"https:\/\/chouftolosa.info\/index.php\/wp-json\/wp\/v2\/comments?post=2567"}],"version-history":[{"count":8,"href":"https:\/\/chouftolosa.info\/index.php\/wp-json\/wp\/v2\/posts\/2567\/revisions"}],"predecessor-version":[{"id":2579,"href":"https:\/\/chouftolosa.info\/index.php\/wp-json\/wp\/v2\/posts\/2567\/revisions\/2579"}],"wp:featuredmedia":[{"embeddable":true,"href":"https:\/\/chouftolosa.info\/index.php\/wp-json\/wp\/v2\/media\/2573"}],"wp:attachment":[{"href":"https:\/\/chouftolosa.info\/index.php\/wp-json\/wp\/v2\/media?parent=2567"}],"wp:term":[{"taxonomy":"category","embeddable":true,"href":"https:\/\/chouftolosa.info\/index.php\/wp-json\/wp\/v2\/categories?post=2567"},{"taxonomy":"post_tag","embeddable":true,"href":"https:\/\/chouftolosa.info\/index.php\/wp-json\/wp\/v2\/tags?post=2567"},{"taxonomy":"author","embeddable":true,"href":"https:\/\/chouftolosa.info\/index.php\/wp-json\/wp\/v2\/coauthors?post=2567"}],"curies":[{"name":"wp","href":"https:\/\/api.w.org\/{rel}","templated":true}]}}