{"id":2626,"date":"2020-05-04T08:30:00","date_gmt":"2020-05-04T06:30:00","guid":{"rendered":"https:\/\/chouftolosa.info\/?p=2626"},"modified":"2020-11-18T16:59:35","modified_gmt":"2020-11-18T15:59:35","slug":"anda-yella-ou-est-il","status":"publish","type":"post","link":"https:\/\/chouftolosa.info\/index.php\/2020\/05\/04\/anda-yella-ou-est-il\/","title":{"rendered":"Anda yella ? (O\u00f9 est-il ?)"},"content":{"rendered":"\n<p style=\"font-size:18px\"><strong>Le po\u00e8te et chanteur kabyle Idir est mort. Hommage.<\/strong><\/p>\n\n\n\n<figure class=\"wp-block-image size-large\"><img loading=\"lazy\" width=\"1024\" height=\"637\" src=\"https:\/\/chouftolosa.info\/wp-content\/uploads\/2020\/05\/Idir-1024x637.png\" alt=\"\" class=\"wp-image-2628\" srcset=\"https:\/\/chouftolosa.info\/wp-content\/uploads\/2020\/05\/Idir-1024x637.png 1024w, https:\/\/chouftolosa.info\/wp-content\/uploads\/2020\/05\/Idir-300x187.png 300w, https:\/\/chouftolosa.info\/wp-content\/uploads\/2020\/05\/Idir-768x478.png 768w, https:\/\/chouftolosa.info\/wp-content\/uploads\/2020\/05\/Idir-1170x728.png 1170w, https:\/\/chouftolosa.info\/wp-content\/uploads\/2020\/05\/Idir-585x364.png 585w, https:\/\/chouftolosa.info\/wp-content\/uploads\/2020\/05\/Idir.png 1520w\" sizes=\"(max-width: 1024px) 100vw, 1024px\" \/><\/figure>\n\n\n\n<p style=\"font-size:17px\">Idir signifie \u00ab&nbsp;il vivra&nbsp;\u00bb. Idir a fait vivre et conna\u00eetre la culture berb\u00e8re en France et dans le monde, sa po\u00e9sie, sa subtilit\u00e9, la puissance de cette langue de tradition orale qui a travers\u00e9 les si\u00e8cles.  <\/p>\n\n\n\n<p style=\"font-size:17px\">Idir c\u2019est presque le premier contact avec ce monde si lointain et pourtant si familier, pour l\u2019enfant de l\u2019immigration que je suis.<\/p>\n\n\n\n<p style=\"font-size:17px\">C\u2019est le partage en famille, c\u2019est l\u2019\u00e9ducation populaire dispens\u00e9e par nos m\u00e8res et nos grands-m\u00e8res.<\/p>\n\n\n\n<p style=\"font-size:17px\">A vava i nouva, cette chanson \u00e9cout\u00e9e d\u00e8s le plus jeune \u00e2ge, notre madeleine de Proust d\u2019enfants de l\u2019exil. Le pr\u00e9texte pour ma grand-m\u00e8re pour me raconter cette histoire, au coucher, dans ce petit appartement HLM du nord de la France, bien loin des montagnes de sa Kabylie natale. Amachaou&nbsp;! (Il \u00e9tait une fois\u2026)<\/p>\n\n\n\n<p style=\"font-size:17px\">C\u2019est le pr\u00e9texte pour transmettre un peu de cette culture tant ni\u00e9e par les autres. Parce que la question traverse cette histoire de l\u2019immigration et les g\u00e9n\u00e9rations qui se succ\u00e8dent, comment ne pas perdre la langue&nbsp;? Comment ne pas perdre la culture&nbsp;? Comment ne pas oublier ses racines&nbsp;?<\/p>\n\n\n\n<p style=\"font-size:17px\">On apprend le bon fran\u00e7ais, on va \u00e0 l\u2019\u00e9cole et on se fraye un chemin, tant bien que mal, dans ce pays, qu\u2019on conna\u00eet si bien, le seul qu\u2019on ait vraiment connu, et o\u00f9 l\u2019on a pourtant si peu le droit de citer.<\/p>\n\n\n\n<p style=\"font-size:17px\">Alors, au milieu des grands d\u00e9bats, des grands mots sur les probl\u00e8mes d\u2019int\u00e9gration, il y a cette m\u00e9lodie, cette voix, ces paroles et ces mots qu\u2019on ne comprend pas bien, mais pourtant pleins de vitalit\u00e9, qui nous apaisent, nous touchent, nous bouleversent. La po\u00e9sie kabyle qui rythme nos vies, nos moments de joie, de peine, de rage, de qu\u00eate.<\/p>\n\n\n\n<iframe loading=\"lazy\" src=\"https:\/\/www.youtube.com\/embed\/D_rfXknfs5Q\" allow=\"accelerometer; autoplay; encrypted-media; gyroscope; picture-in-picture\" allowfullscreen=\"\" width=\"560\" height=\"315\" frameborder=\"0\"><\/iframe>\n\n\n\n<p style=\"font-size:17px\">Idir nous a berc\u00e9, il est un bout de nous, de nos familles, de nos histoires. Il est un des fils conducteurs, un v\u00e9hicule vers l\u2019univers merveilleux de cette terre amazigh, et qui am\u00e8ne naturellement au reste, aux l\u00e9gendes, aux traditions, \u00e0 l\u2019Histoire, aux autres po\u00e8tes, \u00e0 Matoub Loun\u00e8s, \u00e0 A\u00eft Menguellet, et \u00e0 Slimane Azem, bien s\u00fbr, la l\u00e9gende de l\u2019exil. Ma grand-m\u00e8re m\u2019a racont\u00e9 comment, alors que Slimane Azem venait rendre visite \u00e0 son fr\u00e8re en Lorraine, la nouvelle s\u2019est r\u00e9pandue et le caf\u00e9 o\u00f9 il \u00e9tait s\u2019est rapidement retrouv\u00e9 pris d\u2019assaut par la communaut\u00e9 kabyle. Mon grand-p\u00e8re \u00e9tait l\u00e0, parmi ses fr\u00e8res, ces ouvriers de la sid\u00e9rurgie, dont l\u2019exil se vivait au rythme des chansons de Dda Slimane. Elles faisaient lien avec le pays, entre eux aussi, ces ouvriers immigr\u00e9s, ces hommes de fer au c\u0153ur d\u2019artichaut. Alors Slimane Azem a accept\u00e9 de prendre sa guitare et de jouer quelques morceaux \u00e0 ce public improvis\u00e9. Et mon grand-p\u00e8re avait apport\u00e9 sa plus belle cravate pour la faire d\u00e9dicacer par l\u2019artiste (l\u2019autographe sur cravate, un classique&nbsp;!).<\/p>\n\n\n\n<p style=\"font-size:17px\">Aujourd\u2019hui, je garde le lien avec la famille, j\u2019essaye d\u2019apprendre le kabyle et l\u2019arabe aussi, je navigue avec plus d\u2019assurance dans les eaux troubles de la question identitaire, je sais d\u2019o\u00f9 je viens, je pense qu\u2019on n\u2019est pas oblig\u00e9s de choisir (faut dire que n\u00e9 d\u2019un p\u00e8re marocain et d\u2019une m\u00e8re alg\u00e9rienne, faut bien trouver une strat\u00e9gie de survie&nbsp;!) Mais ce dont je suis s\u00fbr, c\u2019est que nos histoires comptent, il faut les raconter.<\/p>\n\n\n\n<p style=\"font-size:17px\">Je suis fier d\u2019\u00eatre parmi les h\u00e9ritiers de ce pr\u00e9cieux patrimoine port\u00e9 par nos anciens, ces \u00ab&nbsp;analphab\u00e8tes de grande culture&nbsp;\u00bb.<\/p>\n\n\n\n<p style=\"font-size:17px\">Et je me dis qu\u2019Idir n\u2019est finalement pas parti bien loin, il va continuer \u00e0 nous accompagner, nous et ceux qui vont vivre apr\u00e8s nous, dans nos peines, nos joies, nos doutes, nos combats et nos f\u00eates.<\/p>\n","protected":false},"excerpt":{"rendered":"<p>Le po\u00e8te et chanteur kabyle Idir est mort. Hommage. Idir signifie \u00ab&nbsp;il vivra&nbsp;\u00bb. Idir&hellip;<\/p>\n","protected":false},"author":7,"featured_media":2630,"comment_status":"open","ping_status":"open","sticky":false,"template":"","format":"standard","meta":[],"categories":[7,8,51],"tags":[],"coauthors":[41],"_links":{"self":[{"href":"https:\/\/chouftolosa.info\/index.php\/wp-json\/wp\/v2\/posts\/2626"}],"collection":[{"href":"https:\/\/chouftolosa.info\/index.php\/wp-json\/wp\/v2\/posts"}],"about":[{"href":"https:\/\/chouftolosa.info\/index.php\/wp-json\/wp\/v2\/types\/post"}],"author":[{"embeddable":true,"href":"https:\/\/chouftolosa.info\/index.php\/wp-json\/wp\/v2\/users\/7"}],"replies":[{"embeddable":true,"href":"https:\/\/chouftolosa.info\/index.php\/wp-json\/wp\/v2\/comments?post=2626"}],"version-history":[{"count":6,"href":"https:\/\/chouftolosa.info\/index.php\/wp-json\/wp\/v2\/posts\/2626\/revisions"}],"predecessor-version":[{"id":2650,"href":"https:\/\/chouftolosa.info\/index.php\/wp-json\/wp\/v2\/posts\/2626\/revisions\/2650"}],"wp:featuredmedia":[{"embeddable":true,"href":"https:\/\/chouftolosa.info\/index.php\/wp-json\/wp\/v2\/media\/2630"}],"wp:attachment":[{"href":"https:\/\/chouftolosa.info\/index.php\/wp-json\/wp\/v2\/media?parent=2626"}],"wp:term":[{"taxonomy":"category","embeddable":true,"href":"https:\/\/chouftolosa.info\/index.php\/wp-json\/wp\/v2\/categories?post=2626"},{"taxonomy":"post_tag","embeddable":true,"href":"https:\/\/chouftolosa.info\/index.php\/wp-json\/wp\/v2\/tags?post=2626"},{"taxonomy":"author","embeddable":true,"href":"https:\/\/chouftolosa.info\/index.php\/wp-json\/wp\/v2\/coauthors?post=2626"}],"curies":[{"name":"wp","href":"https:\/\/api.w.org\/{rel}","templated":true}]}}