{"id":3655,"date":"2023-09-01T14:17:12","date_gmt":"2023-09-01T12:17:12","guid":{"rendered":"https:\/\/chouftolosa.info\/?p=3655"},"modified":"2024-02-02T14:12:52","modified_gmt":"2024-02-02T13:12:52","slug":"abaya-qamis-le-tube-islamophobe-de-la-rentree","status":"publish","type":"post","link":"https:\/\/chouftolosa.info\/index.php\/2023\/09\/01\/abaya-qamis-le-tube-islamophobe-de-la-rentree\/","title":{"rendered":"Abaya, qamis, le tube islamophobe de la rentr\u00e9e"},"content":{"rendered":"\n<p style=\"font-size:18px\"><strong>Le nouveau ministre de l&#8217;\u00e9ducation Gabriel Attal a jug\u00e9 opportun de faire de l&#8217;interdiction de l&#8217;abaya un th\u00e8me majeur de la rentr\u00e9e scolaire. Deux coups en un&nbsp;: rel\u00e9guer les v\u00e9ritables d\u00e9fis de l&#8217;\u00e9ducation nationale au second plan et stigmatiser une \u00e9ni\u00e8me fois les musulmans.<\/strong><\/p>\n\n\n\n<div class=\"wp-block-image\"><figure class=\"alignleft size-large is-resized\"><img loading=\"lazy\" src=\"https:\/\/chouftolosa.info\/wp-content\/uploads\/2023\/09\/Me\u0301dine-Abaya-1024x725.png\" alt=\"\" class=\"wp-image-3659\" width=\"552\" height=\"391\" srcset=\"https:\/\/chouftolosa.info\/wp-content\/uploads\/2023\/09\/Me\u0301dine-Abaya-1024x725.png 1024w, https:\/\/chouftolosa.info\/wp-content\/uploads\/2023\/09\/Me\u0301dine-Abaya-300x213.png 300w, https:\/\/chouftolosa.info\/wp-content\/uploads\/2023\/09\/Me\u0301dine-Abaya-768x544.png 768w, https:\/\/chouftolosa.info\/wp-content\/uploads\/2023\/09\/Me\u0301dine-Abaya-1170x829.png 1170w, https:\/\/chouftolosa.info\/wp-content\/uploads\/2023\/09\/Me\u0301dine-Abaya-585x414.png 585w, https:\/\/chouftolosa.info\/wp-content\/uploads\/2023\/09\/Me\u0301dine-Abaya.png 1214w\" sizes=\"(max-width: 552px) 100vw, 552px\" \/><figcaption><em>La pol\u00e9mique a enflamm\u00e9 les d\u00e9bats apr\u00e8s l&#8217;annonce de Gabriel Attal. Des dessinateurs de presse ont su la synth\u00e9tiser en quelques croquis. Dont Jo, relay\u00e9 sur sur X par le rappeur M\u00e9dine.<\/em><\/figcaption><\/figure><\/div>\n\n\n\n<p style=\"font-size:17px\">Devenu ministre de l&#8217;\u00e9ducation nationale \u00e0 la place de Pap Ndiaye, lors du dernier remaniement minist\u00e9riel le 20 juillet&nbsp;2023, Gabriel Attal a fait de l&#8217;interdiction des abayas \u00e0 l&#8217;\u00e9cole un dossier prioritaire de cette rentr\u00e9e scolaire. Le jeune ministre, pur produit de la macronie, avait eu l&#8217;occasion, d\u00e8s le d\u00e9but de sa prise de fonction, de fixer ses priorit\u00e9s&nbsp; : respect de l\u2019autorit\u00e9, remise des \u00ab&nbsp;savoirs fondamentaux&nbsp;\u00bb au c\u0153ur de l\u2019\u00e9cole, et garantie du bien-\u00eatre des \u00e9l\u00e8ves, qui passe par la lutte contre le harc\u00e8lement scolaire.<\/p>\n\n\n\n<p style=\"font-size:17px\">Mais dimanche 27 ao\u00fbt, sur TF1, le ministre a rajout\u00e9 \u00e0 ce programme l&#8217;interdiction des abayas, cette robe longue port\u00e9e par certaines femmes musulmanes. Concernant aussi les qamis (\u00e9quivalent pour les hommes), cette d\u00e9claration s&#8217;est concr\u00e9tis\u00e9e par une \u00ab&nbsp;note de service&nbsp;\u00bb diffus\u00e9e jeudi 31 ao\u00fbt, cens\u00e9e permettre aux \u00e9tablissements de \u00ab&nbsp;pr\u00e9ciser&nbsp;\u00bb le sens de cette interdiction aux \u00e9l\u00e8ves concern\u00e9\u00b7es.<\/p>\n\n\n\n<p style=\"font-size:17px\">A quelques jours de la rentr\u00e9e, cette annonce minist\u00e9rielle, imm\u00e9diatement soutenue par la droite et l&#8217;extr\u00eame-droite, a suscit\u00e9 des r\u00e9actions mitig\u00e9es \u00e0 gauche.<\/p>\n\n\n\n<p style=\"font-size:17px\">Ainsi Sophie Binet, la secr\u00e9taire g\u00e9n\u00e9rale de la CGT, a abond\u00e9 dans le sens du gouvernement en d\u00e9clarant le 29 ao\u00fbt sur France Inter qu&#8217;elle \u00e9tait favorable \u00e0 son interdiction mais avec des r\u00e8gles claires&nbsp;et tout en d\u00e9plorant la communication du gouvernement.<\/p>\n\n\n\n<p style=\"font-size:17px\">Ignore-t-elle qu&#8217;on nous parle de cela depuis plusieurs ann\u00e9es&nbsp;? D\u00e9couvre-t-elle que l&#8217;Etat ne prend pas des gants pour parler aux musulmans ? La loi de 2004 n&#8217;\u00e9tait-elle d\u00e9j\u00e0 pas sp\u00e9cifiquement consacr\u00e9e au foulard des \u00e9l\u00e8ves musulmanes ?&nbsp;<\/p>\n\n\n\n<p style=\"font-size:17px\">La veille, dans un tweet, Jean-Luc M\u00e9lenchon avait, lui, exprim\u00e9 sa <em>\u00ab&nbsp;tristesse de voir la rentr\u00e9e scolaire politiquement polaris\u00e9e par une nouvelle absurde guerre de religion enti\u00e8rement artificielle \u00e0 propos d&#8217;un habit f\u00e9minin \u00bb<\/em>. <em> <em>\u00ab<\/em><\/em> <em>\u00c0 quand la paix civile et la vraie la\u00efcit\u00e9 qui unit au lieu d&#8217;exasp\u00e9rer ?&nbsp;\u00bb<\/em> s&#8217;interroge le leader de LFI qui appelle au respect des&nbsp;musulmans.<\/p>\n\n\n\n<p style=\"font-size:17px\">De fait, cette \u00e9ni\u00e8me embard\u00e9e politique sur la v\u00eature des musulmanes risque fort d&#8217;instaurer une sorte de d\u00e9lit vestimentaire au faci\u00e8s, la distinction entre robe longue et abaya (qui n&#8217;est absolument pas un v\u00eatement religieux, juste un habit traditionnel) ne pouvant se faire qu&#8217;en fonction de la confession suppos\u00e9e de l&#8217;\u00e9l\u00e8ve.<\/p>\n\n\n\n<p style=\"font-size:17px\">Le 27 ao\u00fbt, dans une s\u00e9rie de tweet (sur X, tel que se nomme d\u00e9sormais le r\u00e9seau social ex-twitter), l&#8217;avocat Ari\u00e9 Alimi a mis le doigt sur qui semble bien \u00eatre le noeud du probl\u00e8me: <em>\u00ab&nbsp;Cette volont\u00e9 de contr\u00f4ler le corps des&nbsp;femmes et des adolescents en construction, en particulier ceux originaires des anciens&nbsp;pays colonis\u00e9s est un combo de tous les fantasmes racistes, sexistes, disciplinaires et&nbsp;coloniaux. Ce franchissement de seuil permet de mettre&nbsp;en \u00e9vidence que le c\u0153ur de cible \u00e0 toujours&nbsp;\u00e9t\u00e9 arabe et pas uniquement musulman et va permettre \u00e0 ceux qui avaient encore du mal&nbsp;avec l&#8217;expression #Racisme d&#8217;\u00e9tat de l&#8217;utiliser&nbsp;pleinement.&nbsp;\u00bb<\/em><\/p>\n\n\n\n<p style=\"font-size:17px\">Et pendant ce temps, les probl\u00e8mes au niveau de l&#8217;\u00e9cole en France sont multiples et vari\u00e9s : le non remplacement des profs absents, l&#8217;absence de places pour les \u00e9l\u00e8ves handicap\u00e9s faute de classes adapt\u00e9es. Entre autres&#8230;<\/p>\n","protected":false},"excerpt":{"rendered":"<p>Le nouveau ministre de l&#8217;\u00e9ducation Gabriel Attal a jug\u00e9 opportun de faire de l&#8217;interdiction&hellip;<\/p>\n","protected":false},"author":22,"featured_media":3660,"comment_status":"open","ping_status":"open","sticky":false,"template":"","format":"standard","meta":[],"categories":[8],"tags":[],"coauthors":[60],"_links":{"self":[{"href":"https:\/\/chouftolosa.info\/index.php\/wp-json\/wp\/v2\/posts\/3655"}],"collection":[{"href":"https:\/\/chouftolosa.info\/index.php\/wp-json\/wp\/v2\/posts"}],"about":[{"href":"https:\/\/chouftolosa.info\/index.php\/wp-json\/wp\/v2\/types\/post"}],"author":[{"embeddable":true,"href":"https:\/\/chouftolosa.info\/index.php\/wp-json\/wp\/v2\/users\/22"}],"replies":[{"embeddable":true,"href":"https:\/\/chouftolosa.info\/index.php\/wp-json\/wp\/v2\/comments?post=3655"}],"version-history":[{"count":5,"href":"https:\/\/chouftolosa.info\/index.php\/wp-json\/wp\/v2\/posts\/3655\/revisions"}],"predecessor-version":[{"id":3664,"href":"https:\/\/chouftolosa.info\/index.php\/wp-json\/wp\/v2\/posts\/3655\/revisions\/3664"}],"wp:featuredmedia":[{"embeddable":true,"href":"https:\/\/chouftolosa.info\/index.php\/wp-json\/wp\/v2\/media\/3660"}],"wp:attachment":[{"href":"https:\/\/chouftolosa.info\/index.php\/wp-json\/wp\/v2\/media?parent=3655"}],"wp:term":[{"taxonomy":"category","embeddable":true,"href":"https:\/\/chouftolosa.info\/index.php\/wp-json\/wp\/v2\/categories?post=3655"},{"taxonomy":"post_tag","embeddable":true,"href":"https:\/\/chouftolosa.info\/index.php\/wp-json\/wp\/v2\/tags?post=3655"},{"taxonomy":"author","embeddable":true,"href":"https:\/\/chouftolosa.info\/index.php\/wp-json\/wp\/v2\/coauthors?post=3655"}],"curies":[{"name":"wp","href":"https:\/\/api.w.org\/{rel}","templated":true}]}}