{"id":4244,"date":"2025-09-11T11:10:00","date_gmt":"2025-09-11T09:10:00","guid":{"rendered":"https:\/\/chouftolosa.info\/?p=4244"},"modified":"2025-09-15T11:38:48","modified_gmt":"2025-09-15T09:38:48","slug":"shamaly-remet-le-couvert-a-ramonville","status":"publish","type":"post","link":"https:\/\/chouftolosa.info\/index.php\/2025\/09\/11\/shamaly-remet-le-couvert-a-ramonville\/","title":{"rendered":"Shamaly remet le couvert \u00e0 Ramonville"},"content":{"rendered":"\n<p style=\"font-size:18px\"><strong>Le jeune rappeur palestinien sera en concert vendredi 12 septembre \u00e0 Ramonville. Deuxi\u00e8me occasion de venir \u00e9couter cet artiste qui rappe aussi pour toutes celles et ceux qui sont dans la bande de Gaza o\u00f9 il est n\u00e9 et a commenc\u00e9 \u00e0 chanter.<\/strong><\/p>\n\n\n\n<div class=\"wp-block-image\"><figure class=\"alignleft size-large is-resized\"><img loading=\"lazy\" src=\"https:\/\/chouftolosa.info\/wp-content\/uploads\/2025\/09\/Shamaly-1-Yung-769x1024.jpeg\" alt=\"\" class=\"wp-image-4241\" width=\"340\" height=\"453\" srcset=\"https:\/\/chouftolosa.info\/wp-content\/uploads\/2025\/09\/Shamaly-1-Yung-769x1024.jpeg 769w, https:\/\/chouftolosa.info\/wp-content\/uploads\/2025\/09\/Shamaly-1-Yung-225x300.jpeg 225w, https:\/\/chouftolosa.info\/wp-content\/uploads\/2025\/09\/Shamaly-1-Yung-768x1023.jpeg 768w, https:\/\/chouftolosa.info\/wp-content\/uploads\/2025\/09\/Shamaly-1-Yung-1153x1536.jpeg 1153w, https:\/\/chouftolosa.info\/wp-content\/uploads\/2025\/09\/Shamaly-1-Yung-1170x1559.jpeg 1170w, https:\/\/chouftolosa.info\/wp-content\/uploads\/2025\/09\/Shamaly-1-Yung-585x779.jpeg 585w, https:\/\/chouftolosa.info\/wp-content\/uploads\/2025\/09\/Shamaly-1-Yung.jpeg 1537w\" sizes=\"(max-width: 340px) 100vw, 340px\" \/><figcaption><em>Le rappeur palestinien Shamaly (photo issue du site Yung)<\/em><br><\/figcaption><\/figure><\/div>\n\n\n\n<p style=\"font-size:17px\">Invit\u00e9 pour une r\u00e9sidence artistique, via le programme international Sawa Sawa, le rappeur palestinien Shamaly,  se produira ce vendredi 12 septembre \u00e0 l\u2019occasion du 38<sup>e<\/sup> festival de rue de Ramonville-St Agne. Jeune et talentueux, l&#8217;artiste, Ahmed Al-Shamali de son v\u00e9ritable nom, n\u00e9 en 2001 \u00e0 Gaza, propose un hip hop rythm\u00e9 par des sonorit\u00e9s orientales. Arriv\u00e9 en France en 2024, Shamaly apporte un peu de lumi\u00e8re, alors que son peuple subit un g\u00e9nocide &#8211; selon le terme employ\u00e9 par Amnesty International, Human Rights Watch, B\u2019Tselem, Physicians for Human Rights ou encore l\u2019Association internationale des chercheurs sur le g\u00e9nocide, pour qualifier ce qui se passe \u00e0 Gaza depuis deux ans.<\/p>\n\n\n\n<p style=\"font-size:17px\">La pr\u00e9sence de Shamaly lors de la r\u00e9cente \u00e9dition de Convivencia en d\u00e9but d\u2019\u00e9t\u00e9, n\u2019avait pas laiss\u00e9 le public insensible. Avec ses tripes et son c\u0153ur, l\u2019artiste s\u2019\u00e9tait livr\u00e9 \u00e0 un concert \u00e9nergique en compagnie du beatmaker de chez KKC Orchestra, Aur\u00e9lien Calvo. Il revient en ce mois de septembre, pour parachever le programme d\u2019\u00e9change initi\u00e9 par Convivencia et par l\u2019institut fran\u00e7ais de J\u00e9rusalem et dans le cadre du festival de rue de Ramonville Saint-Agne, port\u00e9 par l\u2019association Arto, en partenariat avec la mairie de la ville <em>[pr\u00e9cision rajout\u00e9e le 15 septembre].<\/em> \u00a0<\/p>\n\n\n\n<p style=\"font-size:18px\"><strong>Un destin chamboul\u00e9 par les bombes<\/strong> <\/p>\n\n\n\n<figure class=\"wp-block-embed alignright is-type-video is-provider-youtube wp-block-embed-youtube wp-embed-aspect-4-3 wp-has-aspect-ratio\"><div class=\"wp-block-embed__wrapper\">\n<iframe loading=\"lazy\" title=\"SHAMALY - OFF \/ \u0623\u0648\u0641\" width=\"1170\" height=\"878\" src=\"https:\/\/www.youtube.com\/embed\/3XeC-wEUXyU?feature=oembed\" frameborder=\"0\" allow=\"accelerometer; autoplay; clipboard-write; encrypted-media; gyroscope; picture-in-picture; web-share\" referrerpolicy=\"strict-origin-when-cross-origin\" allowfullscreen><\/iframe>\n<\/div><\/figure>\n\n\n\n<p style=\"font-size:17px\">Tr\u00e8s actif sur les r\u00e9seaux sociaux, Shamaly reste constamment connect\u00e9 avec la ville qui l\u2019a vu grandir. Il y a encore quelques ann\u00e9es, lui et ses amis enregistraient \u00e0 Gaza, dans son studio, un peu comme tous les concepteurs de musique du monde entier, ou presque. L\u2019occupation de l\u2019arm\u00e9e isra\u00e9lienne fait partie du d\u00e9cor depuis sa plus tendre enfance. Mais depuis deux ans, Isra\u00ebl a sem\u00e9 un chaos sans limite dans le territoire o\u00f9 il est devenu impossible de mener un semblant de vie normale: <em>\u00ab&nbsp;Je n\u2019ai m\u00eame plus acc\u00e8s \u00e0 mon appartement car tout a \u00e9t\u00e9 d\u00e9truit, <\/em>t\u00e9moigne-t-il aupr\u00e8s de Chouf Tolosa<em>. Ce n\u2019\u00e9tait pas comme \u00e7a il y a quelques ann\u00e9es, m\u00eame si l\u2019ambiance de guerre n\u2019est jamais retomb\u00e9e \u00e0 Gaza (\u2026) J\u2019ai grandi dans une famille tranquille, dans un contexte paisible. Plus jeune, je jouais au jeu vid\u00e9o, tout en faisant de la musique avec mes amis. Plus tard et encore aujourd\u2019hui, j\u2019ai pris la d\u00e9cision de faire en sorte d\u2019introduire le rap dans la culture palestinienne.&nbsp;Ce n\u2019est pas un courant musical \u00e0 la mode l\u00e0-bas. Maintenant, il existe le label Manjam qui sert \u00e0 d\u00e9velopper et \u00e0 promouvoir le hip hop qui vient de Gaza, \u00e0 l\u2019image de Zuhod, de MC Abdul notamment\u2026 \u00bb<\/em><\/p>\n\n\n\n<p style=\"font-size:18px\"><strong>Le hip hop, vecteur commun<\/strong><\/p>\n\n\n\n<div class=\"wp-block-image\"><figure class=\"alignleft size-full is-resized\"><img loading=\"lazy\" src=\"https:\/\/chouftolosa.info\/wp-content\/uploads\/2025\/09\/Shamaly-3.jpeg\" alt=\"\" class=\"wp-image-4253\" width=\"452\" height=\"602\" srcset=\"https:\/\/chouftolosa.info\/wp-content\/uploads\/2025\/09\/Shamaly-3.jpeg 744w, https:\/\/chouftolosa.info\/wp-content\/uploads\/2025\/09\/Shamaly-3-225x300.jpeg 225w, https:\/\/chouftolosa.info\/wp-content\/uploads\/2025\/09\/Shamaly-3-585x780.jpeg 585w\" sizes=\"(max-width: 452px) 100vw, 452px\" \/><figcaption><em>L\u2019atelier de radio Convivencia avec Shamaly, Aur\u00e9lien, Ulysse et les deux Karim &nbsp;(photo&nbsp;: Laura Devismes)<\/em><\/figcaption><\/figure><\/div>\n\n\n\n<p style=\"font-size:17px\">C\u2019est dans le cadre de radio Convivencia, un atelier radiophonique diffus\u00e9 pendant le festival et anim\u00e9 chaque ann\u00e9e par la journaliste Marie Lebas que j\u2019ai eu l\u2019opportunit\u00e9 de rencontrer Shamaly, le 1er juillet dernier. Il venait tout juste de r\u00e9pondre \u00e0 des questions en direct, face \u00e0 des jeunes membres de l\u2019association Aquoiboniste, dans le cadre d\u2019un projet d\u2019insertion culturelle. <\/p>\n\n\n\n<p style=\"font-size:17px\">Les trois reporters en herbe, Ulysse, Karim et Karim, ont proc\u00e9d\u00e9 \u00e0 une interview du rappeur palestinien, organis\u00e9e de mani\u00e8re tr\u00e8s professionnelle, avec des propos traduits en direct par l\u2019un d\u2019entre eux. Bien qu\u2019il soit en mesure de traduire certains propos en anglais, Shamaly a appr\u00e9ci\u00e9 qu\u2019on puisse communiquer avec lui en arabe. Et il s\u2019est confi\u00e9 sur toutes les raisons qui l\u2019ont pouss\u00e9 \u00e0 franchir les fronti\u00e8res, vers un avenir plus radieux, en attendant que les choses changent&nbsp;: <em>\u00ab&nbsp;Cela pourrait difficilement \u00eatre pire&nbsp;!&nbsp;\u00bb,<\/em> estime-t-il, consid\u00e9rant que le futur de la Palestine est aujourd&#8217;hui tr\u00e8s incertain. <\/p>\n\n\n\n<p style=\"font-size:17px\">L\u2019\u00e9change s\u2019est conclu en musique, Ulysse et Karim ayant pr\u00e9par\u00e9 deux textes percutants, laissant pr\u00e9sager une possible future carri\u00e8re musicale. Ils ont chant\u00e9 devant des pros et les ont bluff\u00e9s&nbsp;: litt\u00e9ralement sous le charme, comme son acolyte Aur\u00e9lien Calvo, Shamaly les a encourag\u00e9s \u00e0 insister sur cette voie. Le rappeur gazaoui n\u2019a pas oubli\u00e9 que lui aussi avait d\u00fb convaincre ses parents que la musique serait son futur m\u00e9tier&#8230;<\/p>\n\n\n\n<figure class=\"wp-block-embed alignright is-type-video is-provider-youtube wp-block-embed-youtube wp-embed-aspect-16-9 wp-has-aspect-ratio\"><div class=\"wp-block-embed__wrapper\">\n<iframe loading=\"lazy\" title=\"Shamaly X A\u062dMED - 7AMRA \/ \u062d\u0645\u0631\u0627  (OFFICIAL MUSIC VIDEO) PROD. BY AD\" width=\"1170\" height=\"658\" src=\"https:\/\/www.youtube.com\/embed\/54vWBZlbCs8?feature=oembed\" frameborder=\"0\" allow=\"accelerometer; autoplay; clipboard-write; encrypted-media; gyroscope; picture-in-picture; web-share\" referrerpolicy=\"strict-origin-when-cross-origin\" allowfullscreen><\/iframe>\n<\/div><\/figure>\n\n\n\n<p style=\"font-size:17px\">Un m\u00e9tier auquel la situation de son pays et les crimes subis par son peuple donnent aujourd&#8217;hui une autre dimension. Si Shamaly voyage d\u00e9sormais, il demeure tr\u00e8s pr\u00e9occup\u00e9 par le destin des siens, ceux qui sont rest\u00e9s ou d\u2019autres qui n\u2019ont pas eu la chance de pouvoir partir : <em>\u00ab&nbsp;C\u2019est pour eux que je m\u2019exprime,<\/em> r\u00e9sume-t-il.<em> Mon r\u00f4le de musicien me sert aussi \u00e0 v\u00e9hiculer un message de paix. Nous sommes des&nbsp;\u00eatres humains comme tout le monde, nous souhaitons vivre en toute tranquillit\u00e9. Mais actuellement nous ne faisons que subir et compter ceux qui sont partis.&nbsp;Ce n\u2019est pas normal&nbsp;!\u00bb<\/em><\/p>\n\n\n\n<div class=\"wp-block-image\"><figure class=\"alignleft size-full is-resized\"><img loading=\"lazy\" src=\"https:\/\/chouftolosa.info\/wp-content\/uploads\/2025\/09\/Shamaly-2.png\" alt=\"\" class=\"wp-image-4242\" width=\"300\" height=\"444\" srcset=\"https:\/\/chouftolosa.info\/wp-content\/uploads\/2025\/09\/Shamaly-2.png 565w, https:\/\/chouftolosa.info\/wp-content\/uploads\/2025\/09\/Shamaly-2-203x300.png 203w\" sizes=\"(max-width: 300px) 100vw, 300px\" \/><\/figure><\/div>\n\n\n\n<blockquote class=\"wp-block-quote has-medium-font-size\"><p><strong>Shamaly en concert le vendredi 12 septembre \u00e0 21h <\/strong><\/p><p><strong>Concert gratuit, sans r\u00e9servation <\/strong><\/p><p><strong>Place Jean Jaur\u00e8s- 31250 Ramonville St-Agne<\/strong><\/p><\/blockquote>\n\n\n\n<p><\/p>\n\n\n\n<p><\/p>\n","protected":false},"excerpt":{"rendered":"<p>Le jeune rappeur palestinien sera en concert vendredi 12 septembre \u00e0 Ramonville. Deuxi\u00e8me occasion&hellip;<\/p>\n","protected":false},"author":30,"featured_media":4253,"comment_status":"closed","ping_status":"closed","sticky":false,"template":"","format":"standard","meta":[],"categories":[38,7,68],"tags":[],"coauthors":[72],"_links":{"self":[{"href":"https:\/\/chouftolosa.info\/index.php\/wp-json\/wp\/v2\/posts\/4244"}],"collection":[{"href":"https:\/\/chouftolosa.info\/index.php\/wp-json\/wp\/v2\/posts"}],"about":[{"href":"https:\/\/chouftolosa.info\/index.php\/wp-json\/wp\/v2\/types\/post"}],"author":[{"embeddable":true,"href":"https:\/\/chouftolosa.info\/index.php\/wp-json\/wp\/v2\/users\/30"}],"replies":[{"embeddable":true,"href":"https:\/\/chouftolosa.info\/index.php\/wp-json\/wp\/v2\/comments?post=4244"}],"version-history":[{"count":14,"href":"https:\/\/chouftolosa.info\/index.php\/wp-json\/wp\/v2\/posts\/4244\/revisions"}],"predecessor-version":[{"id":4271,"href":"https:\/\/chouftolosa.info\/index.php\/wp-json\/wp\/v2\/posts\/4244\/revisions\/4271"}],"wp:featuredmedia":[{"embeddable":true,"href":"https:\/\/chouftolosa.info\/index.php\/wp-json\/wp\/v2\/media\/4253"}],"wp:attachment":[{"href":"https:\/\/chouftolosa.info\/index.php\/wp-json\/wp\/v2\/media?parent=4244"}],"wp:term":[{"taxonomy":"category","embeddable":true,"href":"https:\/\/chouftolosa.info\/index.php\/wp-json\/wp\/v2\/categories?post=4244"},{"taxonomy":"post_tag","embeddable":true,"href":"https:\/\/chouftolosa.info\/index.php\/wp-json\/wp\/v2\/tags?post=4244"},{"taxonomy":"author","embeddable":true,"href":"https:\/\/chouftolosa.info\/index.php\/wp-json\/wp\/v2\/coauthors?post=4244"}],"curies":[{"name":"wp","href":"https:\/\/api.w.org\/{rel}","templated":true}]}}