{"id":4318,"date":"2025-12-10T08:30:00","date_gmt":"2025-12-10T07:30:00","guid":{"rendered":"https:\/\/chouftolosa.info\/?p=4318"},"modified":"2025-12-11T23:51:58","modified_gmt":"2025-12-11T22:51:58","slug":"la-memoire-des-luttes-a-lagenda","status":"publish","type":"post","link":"https:\/\/chouftolosa.info\/index.php\/2025\/12\/10\/la-memoire-des-luttes-a-lagenda\/","title":{"rendered":"La m\u00e9moire des luttes \u00e0 l&#8217;agenda"},"content":{"rendered":"\n<p style=\"font-size:18px\"><strong><em>\u00ab&nbsp;Avant de tourner la page, il faut d\u2019abord \u00e9crire l\u2019histoire&nbsp;\u00bb<\/em>. Cette citation de Tarek Kawtari, co-fondateur du Mouvement de l\u2019Immigration et des Banlieues (MIB) figure en belle place dans l&#8217;agenda 2026 \u00e9dit\u00e9 par <a href=\"https:\/\/www.instagram.com\/memoiredenosluttes\/\">M\u00e9moires de nos luttes<\/a> aux \u00e9ditions Premiers Matins de Novembre<a id=\"sdfootnote1anc\" href=\"#sdfootnote1sym\"><sup>1<\/sup><\/a>. Ce collectif veut transmettre l\u2019histoire des luttes anticoloniales, de l\u2019immigration et des quartiers populaires. Et rien de mieux qu\u2019un agenda pour nous rappeler au quotidien les luttes de nos anciens&#8230; Entretien avec Nabil, militant antiraciste, membre de MDNL et directeur \u00e9ditorial de l\u2019agenda*.<\/strong><\/p>\n\n\n\n<p><\/p>\n\n\n\n<div class=\"wp-block-image\"><figure class=\"alignleft size-large is-resized\"><img loading=\"lazy\" src=\"https:\/\/chouftolosa.info\/wp-content\/uploads\/2025\/12\/couverture-mdnl-2026_cropped_compressed_page-0001-813x1024.jpg\" alt=\"\" class=\"wp-image-4315\" width=\"497\" height=\"625\" srcset=\"https:\/\/chouftolosa.info\/wp-content\/uploads\/2025\/12\/couverture-mdnl-2026_cropped_compressed_page-0001-813x1024.jpg 813w, https:\/\/chouftolosa.info\/wp-content\/uploads\/2025\/12\/couverture-mdnl-2026_cropped_compressed_page-0001-238x300.jpg 238w, https:\/\/chouftolosa.info\/wp-content\/uploads\/2025\/12\/couverture-mdnl-2026_cropped_compressed_page-0001-768x967.jpg 768w, https:\/\/chouftolosa.info\/wp-content\/uploads\/2025\/12\/couverture-mdnl-2026_cropped_compressed_page-0001-585x737.jpg 585w, https:\/\/chouftolosa.info\/wp-content\/uploads\/2025\/12\/couverture-mdnl-2026_cropped_compressed_page-0001.jpg 909w\" sizes=\"(max-width: 497px) 100vw, 497px\" \/><\/figure><\/div>\n\n\n\n<p style=\"font-size:18px\"><strong>Qui est ce \u00ab&nbsp;nous&nbsp;\u00bb qui se cache derri\u00e8re M\u00e9moire de <em>nos<\/em> Luttes (MDNL)&nbsp;?<\/strong><\/p>\n\n\n\n<p style=\"font-size:17px\"><strong>Nabil&nbsp;<\/strong>: Il s\u2019agit de parler des luttes des milieux populaires en g\u00e9n\u00e9ral, et plus particuli\u00e8rement de celles et ceux qui sont le plus invisibilis\u00e9\u00b7es et marginalis\u00e9\u00b7es, c\u2019est-\u00e0-dire les immigr\u00e9\u00b7es, les issu\u00b7es de l\u2019immigration et les habitant\u00b7es des quartiers populaires. En m\u00eame temps, on veut montrer que ces luttes sont non seulement les n\u00f4tres mais aussi celles de tout le pays. Les avanc\u00e9es sociales se sont faites gr\u00e2ce aux gens d\u2019en bas et gr\u00e2ce aux immigr\u00e9\u00b7es, des FTP-MOI<a id=\"sdfootnote2anc\" href=\"#sdfootnote2sym\"><sup>2<\/sup><\/a> aux r\u00e9volt\u00e9\u00b7es contre les crimes policiers, des marches pour l\u2019\u00e9galit\u00e9 aux batailles pour le logement en passant par les mobilisations dans les mines, les usines, les foyers.<\/p>\n\n\n\n<p style=\"font-size:18px\"><strong>On entend souvent que nos parents auraient courb\u00e9 l\u2019\u00e9chine et ras\u00e9 les murs, qu\u2019ils n\u2019auraient pas combattu les discriminations et les injustices dont ils \u00e9taient victimes \u00e0 leur \u00e9poque\u2026<\/strong><\/p>\n\n\n\n<p style=\"font-size:17px\"><strong>Nabil&nbsp;<\/strong>: Il y a un mythe d\u00e9shumanisant autour du travailleur immigr\u00e9, b\u00eate de somme qui ne serait venu en France que pour travailler, pour n\u2019\u00eatre qu\u2019un corps, des bras, sans cerveau et sans c\u0153ur. Pourtant, \u00e0 travers les archives, les t\u00e9moignages, l\u2019histoire nous dit autre chose. Parmi les immigr\u00e9\u00b7es, il y avait de nombreux\u00b7ses militant\u00b7es, des syndicalistes aux sensibilit\u00e9s diff\u00e9rentes. Il y avait des hommes et des femmes qui vivaient la d\u00e9chirure de l\u2019exil et qui, souvent, trouvaient un accueil glacial en France. Ils et elles \u00e9taient anim\u00e9\u00b7es de r\u00eaves, de blessures, d\u2019espoirs\u2026 Ils et elles sont arriv\u00e9\u00b7es avec leurs modes de vie, leurs musiques, leurs danses, leur humour aussi, tout cela les accompagnait dans leur exp\u00e9rience du d\u00e9racinement. C\u2019est ce qui fait l\u2019histoire de l\u2019immigration&nbsp;: la lutte, la vie, l\u2019amour, la camaraderie. J\u2019ai une anecdote \u00e0 ce sujet. Ma grand-m\u00e8re m\u2019a racont\u00e9 qu\u2019un jour, mon grand-p\u00e8re \u00e9tait parti postuler sur une autre usine de sid\u00e9rurgie de la r\u00e9gion avec des camarades alg\u00e9riens, marocains, et un italien. Le patron a d\u00e9cid\u00e9 de prendre l\u2019italien et de refuser les autres. Le camarade italien lui a r\u00e9pondu&nbsp;: <em>\u00ab&nbsp;si tu les prends pas, tu me prends pas non plus&nbsp;!&nbsp;\u00bb<\/em> Mon grand-p\u00e8re en avait \u00e9t\u00e9 particuli\u00e8rement \u00e9mu. C\u2019est cela que je souhaite raconter. Et en parlant de travail, il existe des initiatives trop peu connues, comme le Mouvement des travailleurs arabes (MTA), fond\u00e9 en 1972. C\u2019est le premier mouvement autonome d\u2019organisation des immigr\u00e9s au travail mais aussi en dehors, dans les foyers et dans la rue. C\u2019est une histoire riche et pr\u00e9cieuse pour nous. C\u2019est ce qu\u2019on veut faire avec MDNL, mettre en avant ces luttes souvent ignor\u00e9es au profit d\u2019autres plus connues, m\u00eame si on les revendique tout autant.<\/p>\n\n\n\n<div class=\"wp-block-image\"><figure class=\"alignright size-large is-resized\"><img loading=\"lazy\" src=\"https:\/\/chouftolosa.info\/wp-content\/uploads\/2025\/12\/Capture-de\u0301cran-2025-08-13-a\u0300-16.37.11-1024x644.png\" alt=\"\" class=\"wp-image-4316\" width=\"484\" height=\"304\" srcset=\"https:\/\/chouftolosa.info\/wp-content\/uploads\/2025\/12\/Capture-de\u0301cran-2025-08-13-a\u0300-16.37.11-1024x644.png 1024w, https:\/\/chouftolosa.info\/wp-content\/uploads\/2025\/12\/Capture-de\u0301cran-2025-08-13-a\u0300-16.37.11-300x189.png 300w, https:\/\/chouftolosa.info\/wp-content\/uploads\/2025\/12\/Capture-de\u0301cran-2025-08-13-a\u0300-16.37.11-768x483.png 768w, https:\/\/chouftolosa.info\/wp-content\/uploads\/2025\/12\/Capture-de\u0301cran-2025-08-13-a\u0300-16.37.11-1536x966.png 1536w, https:\/\/chouftolosa.info\/wp-content\/uploads\/2025\/12\/Capture-de\u0301cran-2025-08-13-a\u0300-16.37.11-2048x1289.png 2048w, https:\/\/chouftolosa.info\/wp-content\/uploads\/2025\/12\/Capture-de\u0301cran-2025-08-13-a\u0300-16.37.11-1170x736.png 1170w, https:\/\/chouftolosa.info\/wp-content\/uploads\/2025\/12\/Capture-de\u0301cran-2025-08-13-a\u0300-16.37.11-1920x1208.png 1920w, https:\/\/chouftolosa.info\/wp-content\/uploads\/2025\/12\/Capture-de\u0301cran-2025-08-13-a\u0300-16.37.11-585x368.png 585w\" sizes=\"(max-width: 484px) 100vw, 484px\" \/><\/figure><\/div>\n\n\n\n<p style=\"font-size:18px\"><strong>Comment (re)cr\u00e9er cette histoire et cette m\u00e9moire&nbsp;?<\/strong><\/p>\n\n\n\n<p style=\"font-size:17px\"><strong>Nabil&nbsp;<\/strong>: MDNL existe sur Instagram, c\u2019est une question de g\u00e9n\u00e9ration. On y propose des posts aux formats courts et accessibles pour toucher un public assez large. On apporte notre pierre \u00e0 l\u2019\u00e9difice m\u00e9moriel en nous inspirant d\u2019autres initiatives comme les journaux et les expositions du MIB ou encore la constitution d\u2019archives de l\u2019agence IM\u2019m\u00e9dia ou du Tactikollectif. Aujourd\u2019hui, l\u2019agenda en physique, c\u2019est l\u2019\u00e9tape d\u2019apr\u00e8s. C\u2019est important d\u2019avoir un format mat\u00e9riel, palpable, et en m\u00eame temps de proposer un objet joli et pratique. Le concept est simple&nbsp;: pr\u00e9senter des \u00e9v\u00e9nements politiques \u00e0 leur date anniversaire afin de se rappeler et de comm\u00e9morer cette histoire. Par la suite, nous aimerions monter un site, proposer des podcasts et approfondir nos recherches en allant piocher directement dans les archives. C\u2019est pour accomplir tous ces projets que la totalit\u00e9 des b\u00e9n\u00e9fices de l\u2019agenda reviendront au m\u00e9dia&nbsp;!<\/p>\n\n\n\n<p><\/p>\n\n\n\n<blockquote class=\"wp-block-quote\"><p><strong>L\u2019agenda est disponible en librairie et <a href=\"https:\/\/www.pmneditions.com\/product\/agenda-2026-m%C3%A9moire-de-nos-luttes\">sur le site des \u00c9ditions PMN au prix de 13 \u20ac<\/a>. Une bande-son est propos\u00e9e au fil des pages, invitant les lecteurs et lectrices \u00e0 d\u00e9couvrir les cultures immigr\u00e9es et des artistes engag\u00e9.e.s<\/strong><\/p><\/blockquote>\n\n\n\n<p><a id=\"sdfootnote1sym\" href=\"#sdfootnote1anc\">1<\/a> Premiers Matins de Novembre est une petite maison d\u2019\u00e9dition ind\u00e9pendante <em>\u00ab&nbsp;aux lignes \u00e9ditoriales anti-imp\u00e9rialistes, antiracistes et d\u00e9coloniales&nbsp;\u00bb<\/em> install\u00e9e \u00e0 Toulouse et dirig\u00e9e par Assia El Kasmi.<\/p>\n\n\n\n<p><a id=\"sdfootnote2sym\" href=\"#sdfootnote2anc\">2<\/a> Au cours de la Seconde Guerre mondiale, les francs-tireurs et partisans \u2013 main d\u2019\u0153uvre immigr\u00e9e (FTP-MOI) \u00e9taient un groupe arm\u00e9 de r\u00e9sistants majoritairement \u00e9trangers.<\/p>\n\n\n\n<p>* <em>Nabil est par ailleurs membre du comit\u00e9 de r\u00e9daction de Chouf Tolosa<\/em><\/p>\n","protected":false},"excerpt":{"rendered":"<p>\u00ab&nbsp;Avant de tourner la page, il faut d\u2019abord \u00e9crire l\u2019histoire&nbsp;\u00bb. Cette citation de Tarek&hellip;<\/p>\n","protected":false},"author":33,"featured_media":4317,"comment_status":"closed","ping_status":"closed","sticky":false,"template":"","format":"standard","meta":[],"categories":[38,7,8,5],"tags":[],"coauthors":[75],"_links":{"self":[{"href":"https:\/\/chouftolosa.info\/index.php\/wp-json\/wp\/v2\/posts\/4318"}],"collection":[{"href":"https:\/\/chouftolosa.info\/index.php\/wp-json\/wp\/v2\/posts"}],"about":[{"href":"https:\/\/chouftolosa.info\/index.php\/wp-json\/wp\/v2\/types\/post"}],"author":[{"embeddable":true,"href":"https:\/\/chouftolosa.info\/index.php\/wp-json\/wp\/v2\/users\/33"}],"replies":[{"embeddable":true,"href":"https:\/\/chouftolosa.info\/index.php\/wp-json\/wp\/v2\/comments?post=4318"}],"version-history":[{"count":9,"href":"https:\/\/chouftolosa.info\/index.php\/wp-json\/wp\/v2\/posts\/4318\/revisions"}],"predecessor-version":[{"id":4334,"href":"https:\/\/chouftolosa.info\/index.php\/wp-json\/wp\/v2\/posts\/4318\/revisions\/4334"}],"wp:featuredmedia":[{"embeddable":true,"href":"https:\/\/chouftolosa.info\/index.php\/wp-json\/wp\/v2\/media\/4317"}],"wp:attachment":[{"href":"https:\/\/chouftolosa.info\/index.php\/wp-json\/wp\/v2\/media?parent=4318"}],"wp:term":[{"taxonomy":"category","embeddable":true,"href":"https:\/\/chouftolosa.info\/index.php\/wp-json\/wp\/v2\/categories?post=4318"},{"taxonomy":"post_tag","embeddable":true,"href":"https:\/\/chouftolosa.info\/index.php\/wp-json\/wp\/v2\/tags?post=4318"},{"taxonomy":"author","embeddable":true,"href":"https:\/\/chouftolosa.info\/index.php\/wp-json\/wp\/v2\/coauthors?post=4318"}],"curies":[{"name":"wp","href":"https:\/\/api.w.org\/{rel}","templated":true}]}}