{"id":4398,"date":"2026-01-08T16:43:42","date_gmt":"2026-01-08T15:43:42","guid":{"rendered":"https:\/\/chouftolosa.info\/?p=4398"},"modified":"2026-03-10T11:31:51","modified_gmt":"2026-03-10T10:31:51","slug":"antisemitisme-un-livre-contre-linstrumentalisation","status":"publish","type":"post","link":"https:\/\/chouftolosa.info\/index.php\/2026\/01\/08\/antisemitisme-un-livre-contre-linstrumentalisation\/","title":{"rendered":"Antis\u00e9mitisme, un livre contre l&#8217;instrumentalisation"},"content":{"rendered":"\n<div class=\"wp-block-image\"><figure class=\"alignright size-large is-resized\"><img loading=\"lazy\" src=\"https:\/\/chouftolosa.info\/wp-content\/uploads\/2026\/01\/Taoufik-chro-pastille-1024x570.png\" alt=\"\" class=\"wp-image-4394\" width=\"314\" height=\"175\" srcset=\"https:\/\/chouftolosa.info\/wp-content\/uploads\/2026\/01\/Taoufik-chro-pastille-1024x570.png 1024w, https:\/\/chouftolosa.info\/wp-content\/uploads\/2026\/01\/Taoufik-chro-pastille-300x167.png 300w, https:\/\/chouftolosa.info\/wp-content\/uploads\/2026\/01\/Taoufik-chro-pastille-768x427.png 768w, https:\/\/chouftolosa.info\/wp-content\/uploads\/2026\/01\/Taoufik-chro-pastille-1170x651.png 1170w, https:\/\/chouftolosa.info\/wp-content\/uploads\/2026\/01\/Taoufik-chro-pastille-585x325.png 585w, https:\/\/chouftolosa.info\/wp-content\/uploads\/2026\/01\/Taoufik-chro-pastille.png 1183w\" sizes=\"(max-width: 314px) 100vw, 314px\" \/><\/figure><\/div>\n\n\n\n<p style=\"font-size:18px\"><strong><em>[Des livres et moi #2]<\/em> \u2013 L&#8217;accusation d&#8217;antis\u00e9mitisme est devenue quasi syst\u00e9matique \u00e0 l&#8217;encontre de celles et ceux qui critiquent la politique d&#8217;Isra\u00ebl et affichent leur solidarit\u00e9 avec le peuple palestinien. Cette instrumentalisation \u00e9tait d\u00e9j\u00e0 \u00e0 l&#8217;oeuvre il y a dix ans, comme le documentaient alors Alain Badiou et Eric Hazan. Un petit ouvrage \u00e0 relire.<\/strong><\/p>\n\n\n\n<p style=\"font-size:17px\">Peut-on encore critiquer la politique de l\u2019\u00c9tat d\u2019Isra\u00ebl sans \u00eatre accus\u00e9 de ha\u00efr les juifs&nbsp;?<\/p>\n\n\n\n<p style=\"font-size:17px\">En 2015, dans un contexte marqu\u00e9 par les attentats de Charlie Hebdo et de l\u2019hyper Cacher, Alain Badiou, philosophe marxiste, et Eric Hazan, fondateur de la maison d\u2019\u00e9dition La Fabrique (mort le 6 juin 2024) publient un court essai pol\u00e9mique et critique. Ils y interrogent l\u2019usage contemporain de la notion d\u2019antis\u00e9mitisme, devenu un outil id\u00e9ologique utilis\u00e9 de mani\u00e8re inflationniste, jusqu\u2019\u00e0 devenir une rh\u00e9torique disqualifiant toute critique d\u2019Isra\u00ebl et du sionisme.<\/p>\n\n\n\n<div class=\"wp-block-image\"><figure class=\"alignleft size-large is-resized\"><img loading=\"lazy\" src=\"https:\/\/chouftolosa.info\/wp-content\/uploads\/2026\/01\/Bouquin-Badiou-Hazan-672x1024.png\" alt=\"\" class=\"wp-image-4397\" width=\"303\" height=\"462\" srcset=\"https:\/\/chouftolosa.info\/wp-content\/uploads\/2026\/01\/Bouquin-Badiou-Hazan-672x1024.png 672w, https:\/\/chouftolosa.info\/wp-content\/uploads\/2026\/01\/Bouquin-Badiou-Hazan-197x300.png 197w, https:\/\/chouftolosa.info\/wp-content\/uploads\/2026\/01\/Bouquin-Badiou-Hazan-585x891.png 585w, https:\/\/chouftolosa.info\/wp-content\/uploads\/2026\/01\/Bouquin-Badiou-Hazan.png 680w\" sizes=\"(max-width: 303px) 100vw, 303px\" \/><\/figure><\/div>\n\n\n\n<p style=\"font-size:17px\">En d\u00e9non\u00e7ant l\u2019usage abusif de l\u2019accusation d\u2019antis\u00e9mitisme, les deux auteurs distinguent clairement l\u2019antis\u00e9mitisme historique enracin\u00e9 dans l\u2019Europe chr\u00e9tienne, et les formes contemporaines qui lui sont abusivement assimil\u00e9es. Selon eux, l\u2019utilisation du terme d\u2019antis\u00e9mite aujourd\u2019hui rel\u00e8ve d\u2019avantage du conflit politique autour de la question palestinienne, que d\u2019une id\u00e9ologie structur\u00e9e comparable \u00e0 celle du XXe si\u00e8cle&nbsp;: \u00ab&nbsp;<em>Les formes sous lesquelles existe aujourd\u2019hui de l\u2019antis\u00e9mitisme en France sont tr\u00e8s diverses et n\u2019ont m\u00eame souvent rien \u00e0 voir entre elles. Depuis la derni\u00e8re guerre mondiale, l\u2019antis\u00e9mitisme n\u2019est plus soutenu en France par une sorte de consensus abject. Il persiste sous la forme de minorit\u00e9s disparates, activistes ou cach\u00e9es&nbsp;\u00bb, <\/em>\u00e9crivent les deux auteurs.<\/p>\n\n\n\n<p style=\"font-size:17px\">Alain Badiou et Eric Hazan d\u00e9montrent \u00e0 travers ces pages que, r\u00e9guli\u00e8rement, toute critique de la politique de l\u2019\u00c9tat d\u2019Isra\u00ebl est assimil\u00e9e \u00e0 une forme d\u2019antis\u00e9mitisme m\u00eame quand elle est fond\u00e9e sur le droit international. Une assimilation qui permet selon eux de sacraliser l\u2019\u00c9tat d\u2019Isra\u00ebl et de disqualifier les mouvements de gauche, les intellectuels et les militants anticolonialistes&nbsp;: \u00ab<em>&nbsp;(\u2026) On voit sortir en octobre 2004 le rapport Rufin, command\u00e9 par le minist\u00e8re de l\u2019Int\u00e9rieur, qui pr\u00e9conisait une loi qui p\u00e9naliserait la critique de l\u2019\u00c9tat d\u2019Isra\u00ebl. Ce fut d\u2019ailleurs l\u2019\u00e9poque des premiers proc\u00e8s contre Daniel Mermet, contre La Fabrique \u00c9dition, puis contre Edgar Morin, Samir Nair et Danielle Sallenave. Proc\u00e8s intent\u00e9s pour \u00ab&nbsp; incitation \u00e0 la haine raciale&nbsp;\u00bb par une officine nomm\u00e9e Avocats sans fronti\u00e8res&nbsp;\u00bb.<\/em><\/p>\n\n\n\n<p style=\"font-size:17px\">Une officine dont il est important de souligner qu&#8217;elle \u00e9tait pr\u00e9sid\u00e9e en 2009 par le franco-isra\u00e9lien Georges-William Goldnadel. Ce proche de l&#8217;extr\u00eame-droite, aujourd&#8217;hui habitu\u00e9 des plateaux des m\u00e9dias Bollor\u00e9, a notamment \u00e9t\u00e9 l&#8217;avocat de Arcadi Gaydamak, trafiquant d\u2019armes russes r\u00e9fugi\u00e9 en Isra\u00ebl, d\u2019Oriana Falacci, journaliste italienne ouvertement islamophobe et de G\u00e9n\u00e9ration identitaire au moment de leur dissolution en 2021.<\/p>\n\n\n\n<p style=\"font-size:17px\">Dans leur ouvrage, Alain Badiou et Eric Hazan critiquent s\u00e9v\u00e8rement le traitement m\u00e9diatique de l\u2019antis\u00e9mitisme, jug\u00e9 simplificateur et orient\u00e9 qui sert avant tout \u00e0 masquer les responsabilit\u00e9s politiques et \u00e0 \u00e9viter toute remise en cause du capitalisme contemporain et de ses guerres.<\/p>\n\n\n\n<p style=\"font-size:17px\"><em>L\u2019Antis\u00e9mitisme partout<\/em> est un ouvrage qui distingue clairement racisme, antis\u00e9mitisme, critique politique et conflit g\u00e9opolitique. Il refuse que la morale remplace la pens\u00e9e.<\/p>\n\n\n\n<p style=\"font-size:18px\"><strong><em>L\u2019antis\u00e9mitisme partout Aujourd&#8217;hui en France<\/em> de Alain Badiou et Eric Hazan. Editions La Fabrique, 2015. 10 Euros.<\/strong><\/p>\n","protected":false},"excerpt":{"rendered":"<p>[Des livres et moi #2] \u2013 L&#8217;accusation d&#8217;antis\u00e9mitisme est devenue quasi syst\u00e9matique \u00e0 l&#8217;encontre&hellip;<\/p>\n","protected":false},"author":31,"featured_media":4397,"comment_status":"closed","ping_status":"closed","sticky":false,"template":"","format":"standard","meta":[],"categories":[7,3],"tags":[],"coauthors":[73],"_links":{"self":[{"href":"https:\/\/chouftolosa.info\/index.php\/wp-json\/wp\/v2\/posts\/4398"}],"collection":[{"href":"https:\/\/chouftolosa.info\/index.php\/wp-json\/wp\/v2\/posts"}],"about":[{"href":"https:\/\/chouftolosa.info\/index.php\/wp-json\/wp\/v2\/types\/post"}],"author":[{"embeddable":true,"href":"https:\/\/chouftolosa.info\/index.php\/wp-json\/wp\/v2\/users\/31"}],"replies":[{"embeddable":true,"href":"https:\/\/chouftolosa.info\/index.php\/wp-json\/wp\/v2\/comments?post=4398"}],"version-history":[{"count":5,"href":"https:\/\/chouftolosa.info\/index.php\/wp-json\/wp\/v2\/posts\/4398\/revisions"}],"predecessor-version":[{"id":4403,"href":"https:\/\/chouftolosa.info\/index.php\/wp-json\/wp\/v2\/posts\/4398\/revisions\/4403"}],"wp:featuredmedia":[{"embeddable":true,"href":"https:\/\/chouftolosa.info\/index.php\/wp-json\/wp\/v2\/media\/4397"}],"wp:attachment":[{"href":"https:\/\/chouftolosa.info\/index.php\/wp-json\/wp\/v2\/media?parent=4398"}],"wp:term":[{"taxonomy":"category","embeddable":true,"href":"https:\/\/chouftolosa.info\/index.php\/wp-json\/wp\/v2\/categories?post=4398"},{"taxonomy":"post_tag","embeddable":true,"href":"https:\/\/chouftolosa.info\/index.php\/wp-json\/wp\/v2\/tags?post=4398"},{"taxonomy":"author","embeddable":true,"href":"https:\/\/chouftolosa.info\/index.php\/wp-json\/wp\/v2\/coauthors?post=4398"}],"curies":[{"name":"wp","href":"https:\/\/api.w.org\/{rel}","templated":true}]}}